{"id":1634,"date":"2021-11-25T12:01:21","date_gmt":"2021-11-25T11:01:21","guid":{"rendered":"https:\/\/www.toodays.me\/blog\/?p=1634"},"modified":"2023-05-08T08:33:02","modified_gmt":"2023-05-08T06:33:02","slug":"nouvelle-jaune-ginkgo-et-velo-rouge","status":"publish","type":"post","link":"https:\/\/www.toodays.me\/blog\/2021\/11\/25\/nouvelle-jaune-ginkgo-et-velo-rouge\/","title":{"rendered":"Nouvelle : Jaune ginkgo et v\u00e9lo rouge"},"content":{"rendered":"<p class=\"is-style-default\" style=\"text-align: justify;\">Le jour de son quarante-cinqui\u00e8me anniversaire, alors qu&#8217;il enregistre les photos de leur d\u00eener en famille, Arnaud re\u00e7oit un message. En apparence la notification n&#8217;a rien de plus qu&#8217;une autre, si ce n&#8217;est qu&#8217;elle provient de son p\u00e8re, d\u00e9c\u00e9d\u00e9 presque un an auparavant. Au d\u00e9part, il croit avoir mal lu, \u00f4te ses lunettes, les nettoie et ajuste sur le bout de son nez, mais le message est toujours l\u00e0. Il comporte un texte assez bref, pour ne pas dire tr\u00e8s succin&nbsp;: \u00ab&nbsp;Bon anniversaire fils&nbsp;\u00bb.<\/p>\n\n\n<figure class=\"wp-block-image size-large\"><img loading=\"lazy\" decoding=\"async\" width=\"682\" height=\"1024\" src=\"https:\/\/www.toodays.me\/blog\/wp-content\/uploads\/2021\/11\/Illustration-03-682x1024.jpg\" alt=\"Jeune gar\u00e7on sur un v\u00e9lo rouge, fier de poser \u00e0 c\u00f4t\u00e9 de son p\u00e8re. Nouvelle : Jaune ginkgo et v\u00e9lo rouge\" class=\"wp-image-1636\" srcset=\"https:\/\/www.toodays.me\/blog\/wp-content\/uploads\/2021\/11\/Illustration-03-682x1024.jpg 682w, https:\/\/www.toodays.me\/blog\/wp-content\/uploads\/2021\/11\/Illustration-03-200x300.jpg 200w, https:\/\/www.toodays.me\/blog\/wp-content\/uploads\/2021\/11\/Illustration-03-768x1154.jpg 768w, https:\/\/www.toodays.me\/blog\/wp-content\/uploads\/2021\/11\/Illustration-03-1022x1536.jpg 1022w, https:\/\/www.toodays.me\/blog\/wp-content\/uploads\/2021\/11\/Illustration-03-1363x2048.jpg 1363w, https:\/\/www.toodays.me\/blog\/wp-content\/uploads\/2021\/11\/Illustration-03-450x676.jpg 450w, https:\/\/www.toodays.me\/blog\/wp-content\/uploads\/2021\/11\/Illustration-03-1024x1538.jpg 1024w, https:\/\/www.toodays.me\/blog\/wp-content\/uploads\/2021\/11\/Illustration-03-399x600.jpg 399w, https:\/\/www.toodays.me\/blog\/wp-content\/uploads\/2021\/11\/Illustration-03-scaled.jpg 1704w\" sizes=\"auto, (max-width: 682px) 100vw, 682px\" \/><\/figure>\n\n\n<p class=\"is-style-default\" style=\"text-align: justify;\">\u00a0\u00a0\u00a0\u00a0\u00a0\u00a0\u00a0\u00a0\u00a0\u00a0\u00a0 Il songe d\u2019abord \u00e0 une mauvaise blague ou un enregistrement rat\u00e9. Assis \u00e0 son bureau, plong\u00e9 dans la p\u00e9nombre de la fin de d\u00e9cembre, seule la lampe en m\u00e9tal, \u00e9pur\u00e9e et design, \u00e9claire de fa\u00e7on diffuse son visage peint de surprise. En second lieu, il pense \u00e0 un message perdu, l&#8217;un de ceux qui font parfois la une des faits divers, ces lettres que l&#8217;on re\u00e7oit vingt ans trop tard apr\u00e8s le crash d&#8217;un avion long-courrier\u00a0; les lettres arriv\u00e9es par hasard chez une voisine qu&#8217;on ne vous redonne que des mois plus tard. Probl\u00e8me\u00a0: le message est sur une application \u2013 ce n&#8217;est pas une lettre &#8211; d\u2019aucune fa\u00e7on il n&#8217;aurait pu se perdre.<\/p>\n<p class=\"is-style-default\" style=\"text-align: justify;\"><strong>Pouss\u00e9 par la curiosit\u00e9, un peu troubl\u00e9 aussi, Arnaud se d\u00e9cide \u00e0 ouvrir le message en question.<\/strong><\/p>\n<p class=\"is-style-default\" style=\"text-align: justify;\">L\u00e0, assis dans une v\u00e9randa qu&#8217;il conna\u00eet bien, la moustache brillante et taill\u00e9e \u00e9quitablement de part et d&#8217;autre de son nez \u00e9pais, son p\u00e8re ajuste la cam\u00e9ra de son t\u00e9l\u00e9phone. Au soleil qui baigne en arri\u00e8re-plan le jardin de la maison de retraite, Arnaud devine le printemps. Son p\u00e8re \u00e9tait encore bien portant \u00e0 cette \u00e9poque, toute la petite famille lui rendait r\u00e9guli\u00e8rement visite et les enfants jouaient la plupart du temps dans le jardin fleuri. Il ne reste de ces moments que des images floues, des odeurs vagues de lilas et de gel hydroalcoolique.<br \/>\u00ab\u00a0Hum&#8230; Bonjour fils. J&#8217;esp\u00e8re que tu vas bien et que tu passes un heureux anniversaire&#8230;\u00a0 \u00c7a te fait quoi\u00a0? Quarante-cinq ans\u00a0? A cet \u00e2ge-l\u00e0 j&#8217;avais achet\u00e9 notre premi\u00e8re voiture familiale, on pouvait enfin partir en vacances l&#8217;\u00e9t\u00e9 avec la clim. Je ne sais pas si tu t&#8217;en souviens, tu \u00e9tais petit. \u00bb Son p\u00e8re se lisse la moustache, le tic de toute une vie. Arnaud frisonne. Il a l&#8217;impression qu&#8217;une \u00e9ternit\u00e9 s&#8217;est \u00e9coul\u00e9e depuis qu&#8217;il a entendu cette voix rauque et douce pour la derni\u00e8re fois. Le temps lui fait se souvenir de son p\u00e8re quelques ann\u00e9es plus t\u00f4t, l&#8217;homme de sa jeunesse et non le grand-p\u00e8re qu&#8217;il \u00e9tait devenu. Et c&#8217;est avec \u00e9motion qu&#8217;il retrouve ses gestes caract\u00e9ristiques que les photos ne peuvent pas conserver.<\/p>\n<p class=\"is-style-default\" style=\"text-align: justify;\">\u00ab Si cette vid\u00e9o te parvient, c&#8217;est que je suis mort&#8230; \u00bb, il croise et d\u00e9croise ses mains noueuses, \u00ab c&#8217;est un peu \u00e9trange \u00e0 dire ainsi. J&#8217;esp\u00e8re que tout le monde va bien chez toi. Je t&#8217;ai juste fait cette vid\u00e9o parce que j&#8217;avais quelque chose \u00e0 te transmettre. Ce n\u2019est franchement pas facile de trouver les mots\u2026 Je ne sais pas si le message arrive un peu tard, ou un peu trop t\u00f4t&#8230; Mais je tenais \u00e0 te faire parvenir ce petit message et une photo. C&#8217;est un souvenir, tu comprendras&#8230; \u00ab Un mince sourire retrousse sa moustache \u00e9paisse et un rayon de soleil vient bri\u00e8vement baigner la v\u00e9randa de lumi\u00e8re, \u00ab Embrasse tout le monde de ma part, je pense fort \u00e0 vous o\u00f9 que je sois. \u00bb<\/p>\n<p class=\"is-style-default\" style=\"text-align: justify;\">Ne reste que le fond noir de la vid\u00e9o termin\u00e9e et les boutons de lecture. Arnaud reste quelques minutes devant cet \u00e9cran vide, divis\u00e9 entre une foule d&#8217;\u00e9motions contraires. Il se r\u00e9sout finalement \u00e0 ouvrir la pi\u00e8ce jointe et d\u00e9couvre une vieille photo s\u00e9pia de son p\u00e8re et son fr\u00e8re. Les mains bien ancr\u00e9es sur les guidons de vieux v\u00e9los, dans des pulls \u00e0 motifs g\u00e9om\u00e9triques, le sourire dilu\u00e9 par les couleurs pass\u00e9es. Derri\u00e8re eux Arnaud reconna\u00eet l&#8217;arbre de la maison familiale, un tout petit ginkgo tout juste plant\u00e9 dont les feuilles jaunes tapissent le sol ; leur dessin se perd dans l&#8217;herbe brunie.<\/p>\n<p class=\"is-style-default\" style=\"text-align: justify;\"><strong>Il se d\u00e9cide \u00e0 refermer l&#8217;ordinateur, \u00e9teindre la lampe de bureau et laisser l\u00e0 cette r\u00e9manence surprenante.<\/strong><\/p>\n<div id='gallery-1' class='gallery galleryid-1634 gallery-columns-2 gallery-size-large'><figure class='gallery-item'>\n\t\t\t<div class='gallery-icon portrait'>\n\t\t\t\t<a href='https:\/\/www.toodays.me\/blog\/2021\/11\/25\/nouvelle-jaune-ginkgo-et-velo-rouge\/pexels-suzy-hazelwood-8710639\/'><img loading=\"lazy\" decoding=\"async\" width=\"678\" height=\"1024\" src=\"https:\/\/www.toodays.me\/blog\/wp-content\/uploads\/2021\/11\/pexels-suzy-hazelwood-8710639-678x1024.jpg\" class=\"attachment-large size-large\" alt=\"souvenirs d&#039;enfance\" srcset=\"https:\/\/www.toodays.me\/blog\/wp-content\/uploads\/2021\/11\/pexels-suzy-hazelwood-8710639-678x1024.jpg 678w, https:\/\/www.toodays.me\/blog\/wp-content\/uploads\/2021\/11\/pexels-suzy-hazelwood-8710639-199x300.jpg 199w, https:\/\/www.toodays.me\/blog\/wp-content\/uploads\/2021\/11\/pexels-suzy-hazelwood-8710639-768x1160.jpg 768w, https:\/\/www.toodays.me\/blog\/wp-content\/uploads\/2021\/11\/pexels-suzy-hazelwood-8710639-1017x1536.jpg 1017w, https:\/\/www.toodays.me\/blog\/wp-content\/uploads\/2021\/11\/pexels-suzy-hazelwood-8710639-1356x2048.jpg 1356w, https:\/\/www.toodays.me\/blog\/wp-content\/uploads\/2021\/11\/pexels-suzy-hazelwood-8710639-450x680.jpg 450w, https:\/\/www.toodays.me\/blog\/wp-content\/uploads\/2021\/11\/pexels-suzy-hazelwood-8710639-1024x1547.jpg 1024w, https:\/\/www.toodays.me\/blog\/wp-content\/uploads\/2021\/11\/pexels-suzy-hazelwood-8710639-397x600.jpg 397w, https:\/\/www.toodays.me\/blog\/wp-content\/uploads\/2021\/11\/pexels-suzy-hazelwood-8710639-scaled.jpg 1695w\" sizes=\"auto, (max-width: 678px) 100vw, 678px\" \/><\/a>\n\t\t\t<\/div><\/figure><figure class='gallery-item'>\n\t\t\t<div class='gallery-icon portrait'>\n\t\t\t\t<a href='https:\/\/www.toodays.me\/blog\/2021\/11\/25\/nouvelle-jaune-ginkgo-et-velo-rouge\/pexels-marta-wave-5875896-2\/'><img loading=\"lazy\" decoding=\"async\" width=\"683\" height=\"1024\" src=\"https:\/\/www.toodays.me\/blog\/wp-content\/uploads\/2021\/11\/pexels-marta-wave-5875896-1-683x1024.jpg\" class=\"attachment-large size-large\" alt=\"souvenirs, nostalgie, famille\" srcset=\"https:\/\/www.toodays.me\/blog\/wp-content\/uploads\/2021\/11\/pexels-marta-wave-5875896-1-683x1024.jpg 683w, https:\/\/www.toodays.me\/blog\/wp-content\/uploads\/2021\/11\/pexels-marta-wave-5875896-1-200x300.jpg 200w, https:\/\/www.toodays.me\/blog\/wp-content\/uploads\/2021\/11\/pexels-marta-wave-5875896-1-768x1152.jpg 768w, https:\/\/www.toodays.me\/blog\/wp-content\/uploads\/2021\/11\/pexels-marta-wave-5875896-1-1024x1536.jpg 1024w, https:\/\/www.toodays.me\/blog\/wp-content\/uploads\/2021\/11\/pexels-marta-wave-5875896-1-1365x2048.jpg 1365w, https:\/\/www.toodays.me\/blog\/wp-content\/uploads\/2021\/11\/pexels-marta-wave-5875896-1-450x675.jpg 450w, https:\/\/www.toodays.me\/blog\/wp-content\/uploads\/2021\/11\/pexels-marta-wave-5875896-1-400x600.jpg 400w, https:\/\/www.toodays.me\/blog\/wp-content\/uploads\/2021\/11\/pexels-marta-wave-5875896-1-scaled.jpg 1707w\" sizes=\"auto, (max-width: 683px) 100vw, 683px\" \/><\/a>\n\t\t\t<\/div><\/figure>\n\t\t<\/div>\n\n<p class=\"is-style-default\" style=\"text-align: justify;\">\u00a0\u00a0\u00a0\u00a0\u00a0\u00a0\u00a0\u00a0\u00a0\u00a0\u00a0<\/p>\n<p class=\"is-style-default\" style=\"text-align: justify;\">Ce n&#8217;est que quelques jours plus tard qu&#8217;il revient sur cette vieille photographie. Depuis qu&#8217;il a re\u00e7u cette br\u00e8ve vid\u00e9o, nombre de souvenirs sont remont\u00e9s \u00e0 la surface \u2013 comme des bulles de savon qui explosent dans son cerveau. Il se souvient de cette maison de vacances, proche de la Loire. Elle est rest\u00e9e dans la famille, seulement sa femme \u2013 Anne-Sophie &#8211; et lui prennent rarement le temps de s&#8217;y rendre. Ils pr\u00e9f\u00e8rent g\u00e9n\u00e9ralement voir les grands-parents de son \u00e9pouse ou profiter de leurs weekends \u00e0 la biblioth\u00e8que et dans les parcs du centre-ville. C\u2019est pourtant l\u00e0-bas, qu\u2019existe et persiste son enfance\u2026 qu&#8217;Arnaud a r\u00e9par\u00e9 son premier v\u00e9lo, a aval\u00e9 des kilom\u00e8tres, son baladeur enfonc\u00e9 dans les oreilles.<\/p>\n<p class=\"is-style-default\" style=\"text-align: justify;\">\u00ab\u00a0Dit\u00a0?&#8221;<br \/>La femme allong\u00e9e dans le canap\u00e9, pantalon souple et pull en laine de saison rel\u00e8ve les yeux de son ouvrage. Ses yeux bleus \u00e9clairent une galaxie orang\u00e9e sur ses pommettes hautes, une m\u00e8che retombe sur son visage et revient derri\u00e8re son oreille pour rejoindre son chignon.<br \/>\u00ab\u00a0Hum\u00a0?<br \/>&#8211; On pourrait peut-\u00eatre partir dans la maison de bord de Loire le week-end prochain.\u00a0\u00bb<br \/>Elle hausse un sourcil. Depuis la mort de son p\u00e8re, Arnaud n\u2019a jamais souhait\u00e9 qu\u2019ils s\u2019y rendent. Le lieu para\u00eet un peu difficile \u00e0 apprivoiser, rempli de souvenirs devenus douloureux par l\u2019absence.<br \/>\u00ab\u00a0Pourquoi pas, je suis s\u00fbre que \u00e7a fera plaisir aux enfants.\u00a0\u00bb<\/p>\n\n\n<p class=\"is-style-two-columns\"><strong>***<\/strong><sup> <span style=\"color:#ffffff\" class=\"has-inline-color\">Nouvelle : Jaune ginkgo et v\u00e9lo rouge<\/span><\/sup><\/p>\n\n\n<p class=\"is-style-default\" style=\"text-align: justify;\">La voiture familiale se fraie un passage entre l\u2019herbe haute et les fleurs tardives. Les arbres ont pouss\u00e9 depuis leur derni\u00e8re venue, certains balay\u00e9s par le vent retombent, grandes arches sur le toit de la demeure. A peine le moteur est-il arr\u00eat\u00e9 que les enfants se sont d\u00e9tach\u00e9s et d\u00e9talent \u00e0 travers champs avec enthousiasme.<\/p>\n<p class=\"is-style-default\" style=\"text-align: justify;\"><em>\u00a0\u00a0\u00a0\u00a0\u00a0\u00a0\u00a0\u00a0\u00a0\u00a0\u00a0 <\/em>Le jardin s\u2019\u00e9tend, si vaste pour voir qu&#8217;on ne voit pas les cl\u00f4tures depuis la maison. Un frisson remonte le long de son \u00e9chine\u00a0; Arnaud se souvient de tout. Les souvenirs s\u2019emm\u00ealent et s\u2019entrechoquent, comme s\u2019ils voulaient subitement tous qu\u2019on les visionne \u00e0 nouveau. L\u2019absence de son p\u00e8re \u00e9loigne encore un peu plus sa jeunesse et la teinte de ses couleurs chaudes de bonheurs jamais tout \u00e0 fait \u00e9teints. Il a h\u00e2te de d\u00e9faire les bagages, d\u2019enfiler des chaussures plus adapt\u00e9es aux sols humides et de battre la campagne. Si la ville change furieusement, que les squares d\u2019enfance et les rues ont \u00e9t\u00e9 m\u00e9tamorphos\u00e9es, ce n\u2019est pas le cas de cette campagne. La Loire n\u2019a pas cess\u00e9 de couler, ni chang\u00e9 de lit, les arbres se sont d\u00e9ploy\u00e9s, ont fait du bois mort qui encombre la pelouse grasse mais les odeurs, les lumi\u00e8res d\u2019automne, le soleil dans les feuillages jaunes et le ciel d\u2019azur tricot\u00e9 de longs nuages blancs, rien de tout cela n\u2019a chang\u00e9.<\/p>\n<p><span class=\"aligncenter\"><img loading=\"lazy\" decoding=\"async\" class=\"aligncenter wp-image-1655 size-large\" src=\"https:\/\/www.toodays.me\/blog\/wp-content\/uploads\/2021\/11\/pexels-sergei-a-2539400-1024x683.jpg\" alt=\"Nouvelle : Jaune ginkgo et v\u00e9lo rouge\" width=\"940\" height=\"627\" srcset=\"https:\/\/www.toodays.me\/blog\/wp-content\/uploads\/2021\/11\/pexels-sergei-a-2539400-1024x683.jpg 1024w, https:\/\/www.toodays.me\/blog\/wp-content\/uploads\/2021\/11\/pexels-sergei-a-2539400-300x200.jpg 300w, https:\/\/www.toodays.me\/blog\/wp-content\/uploads\/2021\/11\/pexels-sergei-a-2539400-768x512.jpg 768w, https:\/\/www.toodays.me\/blog\/wp-content\/uploads\/2021\/11\/pexels-sergei-a-2539400-1536x1024.jpg 1536w, https:\/\/www.toodays.me\/blog\/wp-content\/uploads\/2021\/11\/pexels-sergei-a-2539400-2048x1365.jpg 2048w, https:\/\/www.toodays.me\/blog\/wp-content\/uploads\/2021\/11\/pexels-sergei-a-2539400-450x300.jpg 450w, https:\/\/www.toodays.me\/blog\/wp-content\/uploads\/2021\/11\/pexels-sergei-a-2539400-900x600.jpg 900w\" sizes=\"auto, (max-width: 940px) 100vw, 940px\" \/><\/span><\/p>\n<p class=\"is-style-default\" style=\"text-align: justify;\">\u00a0\u00a0\u00a0\u00a0\u00a0\u00a0\u00a0\u00a0\u00a0\u00a0\u00a0 Il y a quelques ann\u00e9es, lorsqu\u2019il revenait ici, il se plaisait \u00e0 \u00e9voquer ses escapades, les cabanes et les balades \u00e0 v\u00e9lo. Son p\u00e8re ne tenait pas de tr\u00e8s grands r\u00f4les, c\u2019\u00e9tait une figure lointaine, quelque part ailleurs dans ce jardin parfois \u00e0 couper du bois, tailler un arbre, arroser quelques plants. De nouveau entour\u00e9 de ces arbres centenaires, il prend d\u00e9sormais une place bien plus importante. Dans chacun de ses souvenirs Arnaud se demande\u00a0: \u00ab\u00a0Mais que faisait-il \u00e0 ce moment\u00a0?\u00a0\u00bb. Surgissent alors des journ\u00e9es de p\u00eache, des fils coinc\u00e9s dans les arbres, du jardinage. \u00ab\u00a0Papa fumait sur la terrasse quand je suis revenu en hurlant apr\u00e8s avoir d\u00e9couvert ce serpent\u00a0\u00bb, \u00ab\u00a0et l\u00e0 il \u00e9tait au salon, mes bottes \u00e9taient pleines de boue\u00a0\u00bb, il se souvient. Derri\u00e8re lui ses fils tr\u00e9pignent, trop press\u00e9s d\u2019ouvrir le garage \u2013 leur lieu favori- et de fouiller dans toutes les antiquit\u00e9s qu\u2019on y entasse depuis des g\u00e9n\u00e9rations. Arnaud soupire, non pas de d\u00e9sespoir, il inspire l\u2019odeur fra\u00eeche de l\u2019automne, celle des feuilles qui meurent et des derni\u00e8res fleurs qui s\u2019\u00e9panouissent. Il a envie de transmettre tous ces souvenirs d\u2019enfance, que ses fils courent comme il a pu le faire, qu\u2019ils go\u00fbtent le plaisir de la campagne, des \u00e9tendues \u00e0 perte de vue et ce sentiment accablant et d\u00e9licieux de libert\u00e9 solitaire.<\/p>\n<p class=\"is-style-default\" style=\"text-align: justify;\">La maison a ce quelque chose d\u2019humide et froid d\u2019un objet trop longtemps renferm\u00e9 sur lui-m\u00eame. La lumi\u00e8re s\u2019engouffre par les volets nouvellement ouverts. Anne-Sophie a d\u00e9fait les sacs et le panier \u00e0 repas pour les enfants. Le soleil froid embrasse le bois recouvert d\u2019une l\u00e9g\u00e8re mousse et dessine dans le ciel de longues ombres grises et roses.<\/p>\n<p class=\"is-style-default\" style=\"text-align: justify;\">Le garage est plus humide et encombr\u00e9 encore que les autres pi\u00e8ces. Des monticules d\u2019objets d\u00e9pass\u00e9s s\u2019entassent comme ils peuvent. La pi\u00e8ce devient imm\u00e9diatement un immense territoire de jeu et les quatre petites mains des bambins ouvrent les cartons, soul\u00e8vent les halog\u00e8nes poussi\u00e9reux et les ustensiles de jardin. Arnaud cherche des yeux son souvenir d\u2019enfance, celui de la photographie que venait de lui confier son p\u00e8re. Dans un coin, derri\u00e8re une pile de chaises de jardin, trois v\u00e9los se chevauchent. Dans la p\u00e9nombre et sous la couche de crasse, il est impossible d\u2019en distinguer les couleurs. Il doit s\u2019y remettre par trois fois pour les d\u00e9gager. Du bout des doigts il caresse le vieux caoutchouc, le m\u00e9tal froid. L\u2019image de son p\u00e8re, les mains bien ancr\u00e9es sur ce m\u00eame guidon, br\u00fble les siennes.<\/p>\n<p class=\"is-style-default\" style=\"text-align: justify;\">Entour\u00e9 de ses fils, il passe une partie de l\u2019apr\u00e8s-midi \u00e0 remettre les v\u00e9los \u00e0 neuf. Chacun a mis la main \u00e0 la p\u00e2te, nettoyer le vernis bordeaux, huiler les chaines et cirer les selles.<br \/>Le premier v\u00e9lo \u00e0 \u00eatre r\u00e9par\u00e9 est rouge m\u00e9tallis\u00e9 avec un guidon chrom\u00e9 et une sonnette qui ne fait plus de bruit depuis longtemps. Comme la majorit\u00e9 des vieux v\u00e9los, il n\u2019y a aucune lumi\u00e8re nulle part. C\u2019est celui r\u00e9serv\u00e9 \u00e0 l\u2019a\u00een\u00e9, d\u2019abord le fr\u00e8re de son p\u00e8re qui n&#8217;ayant jamais eu d\u2019enfant, l\u2019a l\u00e9gu\u00e9 \u00e0 son neveu\u00a0: le grand fr\u00e8re d\u2019Arnaud.<\/p>\n<p class=\"is-style-default\" style=\"text-align: justify;\">Il passe ses doigts sur le plastique us\u00e9 de la selle, se souvient surtout des derni\u00e8res ann\u00e9es. Adolescent, son grand fr\u00e8re est parti depuis longtemps. Il a vu son v\u00e9lo subir les assauts du temps le long des b\u00fbches entass\u00e9es pour l\u2019hiver. D\u2019abord la poussi\u00e8re, bient\u00f4t grise et \u00e9paisse, puis les insectes curieux, les toiles d\u2019araign\u00e9es et un peu de rouille. C\u2019\u00e9tait d\u00e9j\u00e0 fini le temps des balades \u00e0 deux, de son fr\u00e8re qui p\u00e9dalait toujours trop vite, coupait \u00e0 travers champs et ne pr\u00eatait jamais attention \u00e0 ses j\u00e9r\u00e9miades. Il avait toujours \u00e9t\u00e9 trop grand et Arnaud trop petit pour le suivre.<\/p>\n<p class=\"is-style-default\" style=\"text-align: justify;\">A quinze ans, seul dans cette grande maison de campagne avec son p\u00e8re et sa m\u00e8re, \u00e9loign\u00e9 de tout, il a vid\u00e9 toute sa rage, toute sa solitude en sillonnant les routes caboss\u00e9es et fleuries, les champs immortels et les sapins tordus. Jamais tout \u00e0 fait seul, jamais vraiment accompagn\u00e9. A chaque fois qu\u2019il sortait, arm\u00e9 d\u2019un cir\u00e9, sur son superbe v\u00e9lo noir, son p\u00e8re lui rappelait qu\u2019il \u00e9tait pareil \u00e0 l\u2019\u00e9poque. Arnaud n\u2019a jamais pu tout \u00e0 fait s\u2019imaginer ce qu\u2019\u00e9tait cette \u00e9poque, le village d\u2019\u00e0 c\u00f4t\u00e9 \u00e9tait bien plus vivant para\u00eet-il. Son p\u00e8re en parlait avec des yeux lointains. Devant ce v\u00e9lo, comme Arnaud aujourd\u2019hui, lui aussi retrouvait son enfance. Ce lien aux autres que seuls les souvenirs conservent.<\/p>\n<p><span class=\"aligncenter\"><img loading=\"lazy\" decoding=\"async\" class=\"wp-image-1668 size-large aligncenter\" src=\"https:\/\/www.toodays.me\/blog\/wp-content\/uploads\/2021\/11\/pexels-yan-krukov-5792901-1024x683.jpg\" alt=\"moment en famille\" width=\"940\" height=\"627\" srcset=\"https:\/\/www.toodays.me\/blog\/wp-content\/uploads\/2021\/11\/pexels-yan-krukov-5792901-1024x683.jpg 1024w, https:\/\/www.toodays.me\/blog\/wp-content\/uploads\/2021\/11\/pexels-yan-krukov-5792901-300x200.jpg 300w, https:\/\/www.toodays.me\/blog\/wp-content\/uploads\/2021\/11\/pexels-yan-krukov-5792901-768x512.jpg 768w, https:\/\/www.toodays.me\/blog\/wp-content\/uploads\/2021\/11\/pexels-yan-krukov-5792901-1536x1024.jpg 1536w, https:\/\/www.toodays.me\/blog\/wp-content\/uploads\/2021\/11\/pexels-yan-krukov-5792901-2048x1365.jpg 2048w, https:\/\/www.toodays.me\/blog\/wp-content\/uploads\/2021\/11\/pexels-yan-krukov-5792901-450x300.jpg 450w, https:\/\/www.toodays.me\/blog\/wp-content\/uploads\/2021\/11\/pexels-yan-krukov-5792901-900x600.jpg 900w\" sizes=\"auto, (max-width: 940px) 100vw, 940px\" \/><\/span><\/p>\n<p class=\"is-style-default\" style=\"text-align: justify;\">Semblable \u00e0 son p\u00e8re avant lui, Arnaud enfourchait sa b\u00e9cane rutilante et vissait son baladeur sur ses oreilles. Il s\u2019en allait chercher une baguette au village voisin. C\u2019\u00e9tait toujours le m\u00eame pain, pas toujours frais, \u2013 quand il y en avait- il d\u00e9passait g\u00e9n\u00e9ralement de son sac et prenait l\u2019humidit\u00e9. Mais il y avait de petites fermes sur le chemin, d\u2019immenses foug\u00e8res pench\u00e9es sur le goudron, sortes d\u2019\u00e9ventails d\u2019un imaginaire des pays chauds, quelques moutons et des chiens indisciplin\u00e9s et puis le vent dans les pins italiens et les sureaux. Ce vent qui se prenait pour la mer, ce vent qui n\u2019a jamais cess\u00e9 depuis.<\/p>\n<p class=\"is-style-default\" style=\"text-align: justify;\">Assis dans le jardin, ses fils trop occup\u00e9s \u00e0 tester les v\u00e9los autour des arbres, Arnaud ferme les yeux et profite de la m\u00e9lodie. Les bourrasques fra\u00eeches caressent la cime des arbres et le bruissement, une myriade de clochettes, ressemble aux vaguelettes qui avancent et avalent. Le temps se dissout dans cette eau imaginaire. Arnaud revoit la figure de son p\u00e8re, son corps large et sa posture assur\u00e9e\u00a0; camp\u00e9 sur ses deux pieds l\u00e9g\u00e8rement \u00e9cart\u00e9s \u00e0 c\u00f4t\u00e9 de son fr\u00e8re, les mains dans les poches d\u2019une veste de pluie multicolore. A cette image se superposent le rire de ses enfants et le dessin mouvant de leurs doudounes de couleurs.<\/p>\n<p class=\"is-style-default\" style=\"text-align: justify;\">Demain Arnaud les conduira jusqu\u2019au village voisin, il est temps qu\u2019il prenne le troisi\u00e8me v\u00e9lo de la famille, celui de son p\u00e8re. C\u2019est lui d\u00e9sormais qui veillera, les mains dans les poches de son jean. Ils iront aussi en acheter un pour sa femme, et tous les quatre battront la campagne, galvanis\u00e9s par la mer atmosph\u00e9rique et les salutations des arbres et de leurs lianes fleuries.<\/p>\n\n\n<p class=\"is-style-two-columns\"><strong>***<\/strong> <span style=\"color:#ffffff\" class=\"has-inline-color\">Nouvelle : Jaune ginkgo et v\u00e9lo rouge<\/span><\/p>\n\n\n<p class=\"is-style-default\" style=\"text-align: justify;\">Par souci de mim\u00e9tisme, Anne-Sophie derri\u00e8re l\u2019objectif, Arnaud prend soin d\u2019immortaliser cette ti\u00e8de apr\u00e8s-midi avec ses fils et les v\u00e9los flambants neufs pour cette troisi\u00e8me g\u00e9n\u00e9ration.<\/p>\n<p class=\"is-style-default\" style=\"text-align: justify;\">Cette simple photographie d\u2019enfance lui a permis de rel\u00e9guer au second plan des souvenirs encore amers et douloureux, de mettre de c\u00f4t\u00e9 la peine, d\u2019accepter que le temps dissout les malheurs et de revisiter le pass\u00e9 : des journ\u00e9es d\u2019enfance heureuse dans la maison de famille. Il lui semble avoir soudain recolor\u00e9 la vieille photographie s\u00e9pia. Son p\u00e8re avait toujours eu le don, dans le peu de mots qu\u2019il disait, de trouver les bons. Ici ce message posthume et cette photo avaient all\u00e9g\u00e9 son c\u0153ur de la douleur \u00e9crasante d\u2019un deuil qu\u2019on ne finit jamais tout \u00e0 fait.<\/p>\n<p class=\"is-style-default\" style=\"text-align: justify;\">Arnaud n\u2019y aurait jamais pens\u00e9. Apr\u00e8s tout ce n\u2019\u00e9tait que des v\u00e9los, un peu de m\u00e9tal, de caoutchouc et de peinture. Il n\u2019avait jamais \u00e9t\u00e9 tr\u00e8s attach\u00e9 aux choses. Il n\u2019avait jamais saisi leur potentiel. Les autres, autour de lui, les gardaient pour leur beaut\u00e9, leur lien avec leur entourage, les souvenirs de toutes sortes. Arnaud saisissait enfin ce besoin de garder les objets, de conserver pr\u00e8s de soi ces m\u00e9moriaux \u00e0 souvenirs.<\/p>\n\n\n<p class=\"is-style-two-columns\"><strong>***<\/strong> <span style=\"color:#ffffff\" class=\"has-inline-color\">Nouvelle : Jaune ginkgo et v\u00e9lo rouge<\/span><\/p>\n\n\n<p class=\"is-style-default\" style=\"text-align: justify;\">\u00a0\u00a0\u00a0\u00a0\u00a0\u00a0\u00a0\u00a0\u00a0\u00a0\u00a0 Mathis p\u00e9dale furieusement sur son nouveau v\u00e9lo rouge. Le jardin para\u00eet tout de suite plus petit, travers\u00e9 de part en part en quelques minutes. Il roule sur le lit jaune du ginkgo et manque de s\u2019enliser au pied des ch\u00eanes. Arnaud l\u2019observe, assis \u00e0 la terrasse, une tasse de caf\u00e9 dans une main. Ce n\u2019\u00e9tait qu\u2019une maison, ce n\u2019\u00e9tait qu\u2019une photo. Il n\u2019attendait pas ce message de son p\u00e8re. Il n\u2019attendait pas cet h\u00e9ritage et pourtant il avait toujours \u00e9t\u00e9 l\u00e0. Son p\u00e8re avait soudainement ouvert la porte sur l\u2019imaginaire de son enfance. Il avait red\u00e9fini son image, \u00e9loign\u00e9 la maison de retraite et les rides sur le front. Arnaud songe \u00e0 sa veste en cuir, toujours tach\u00e9e de terre aux bouts des manches, deux poches d\u00e9form\u00e9es par les outils de jardinage. Dessous, un pull de laine, \u00e9pais et de couleur souvent pourpre ou moutarde. Son p\u00e8re a tout juste les cheveux grisonnants et sa bouche est d\u00e9j\u00e0 masqu\u00e9e par son \u00e9paisse moustache, celle qui accentue son personnage. Lorsqu\u2019il a fini de courir apr\u00e8s un oiseau, de faire trois fois le tour du hameau voisin en v\u00e9lo, Arnaud le cherche partout, aux aguets et les mains viss\u00e9es sur son guidon. Son p\u00e8re appara\u00eet derri\u00e8re un parterre de roses, les mains noueuses sur un s\u00e9cateur et une cigarette au coin des l\u00e8vres.<\/p>\n<p class=\"is-style-default\" style=\"text-align: justify;\">Et dire qu\u2019il avait failli oublier. Ne plus se souvenir que de l\u2019\u00e2pre solitude des d\u00e9marches administratives, des visites rugueuses de son grand fr\u00e8re emp\u00eatr\u00e9 dans son propre deuil, de la procession de m\u00e9decins et de diagnostics, de l\u2019angoisse. <span style=\"color: #ffffff;\">Nouvelle : Jaune ginkgo et v\u00e9lo rouge<\/span><\/p>\n<p class=\"is-style-default\" style=\"text-align: justify;\">Le vent souffle dans les sureaux, il remplace le bip incessant des machines, l\u2019odeur aseptis\u00e9e de l\u2019h\u00f4pital des derniers jours. Les v\u00e9los lanc\u00e9s \u00e0 pleine vitesse font crisser les feuilles. Arnaud voit son p\u00e8re, assis \u00e0 ses c\u00f4t\u00e9s, il le comprend maintenant. Le sentiment d\u2019\u00eatre \u00e0 sa place ne l\u2019\u00e9touffe plus, il s\u2019en sent grandi. Il d\u00e9veloppera vite la photo et la posera sur la chemin\u00e9e, \u00e0 c\u00f4t\u00e9 de son p\u00e8re, de lui et de son fr\u00e8re, la photographie de ses deux fils. Leurs mains ne d\u00e9passent presque pas de leurs doudounes et ils empoignent les guidons de leurs nouveaux v\u00e9los avec enthousiasme. Ce sera eux demain qui d\u00e9valeront les routes, qui auront quinze ans puis vingt. <span style=\"color: #ffffff;\">Nouvelle : Jaune ginkgo et v\u00e9lo rouge<\/span><\/p>\n<p class=\"is-style-default\" style=\"text-align: justify;\">Arnaud s\u2019\u00e9tonnera plus tard de recevoir un autre message de son p\u00e8re pour son anniversaire. Et d\u2019apprendre qu\u2019il en a enregistr\u00e9 pour tous ceux qui viendront, pour se souvenir de ce qu\u2019il \u00e9tait \u00e0 cet \u00e2ge-l\u00e0, pour continuer de conseiller son fils. Et \u00e0 son tour Arnaud \u00e9crira pour ses fils, de ces petites choses qui n\u2019auront une importance primordiale que pour eux. De ces choses qui nous font grandir, r\u00eaver et partager la vie.<\/p>\n<p class=\"is-style-default\" style=\"text-align: justify;\"><strong><em>Les nouvelles\u00a0<a href=\"https:\/\/www.toodays.me\/blog\/2021\/10\/28\/nouvelle-errance-cypres-et-lune-dete\/\" target=\"_blank\" rel=\"noreferrer noopener\">Errance ; cypr\u00e8s et lune d\u2019\u00e9t\u00e9<\/a>\u00a0et <a href=\"https:\/\/www.toodays.me\/blog\/2021\/10\/19\/nouvelle-souvenirs-denfance\/\">Souvenirs d&#8217;enfance<\/a> sont aussi disponibles.<\/em><\/strong><\/p>\n<p><span style=\"color: #ffffff;\">Nouvelle : Jaune ginkgo et v\u00e9lo rouge<\/span><\/p>\n\n\n<div class=\"wp-block-media-text alignwide is-stacked-on-mobile\" style=\"grid-template-columns:15% auto\"><figure class=\"wp-block-media-text__media\"><img loading=\"lazy\" decoding=\"async\" width=\"563\" height=\"443\" src=\"https:\/\/www.toodays.me\/blog\/wp-content\/uploads\/2021\/10\/Logo__4_-removebg-preview.png\" alt=\"Nouvelle : Jaune ginkgo et v\u00e9lo rouge\" class=\"wp-image-1444 size-full\" srcset=\"https:\/\/www.toodays.me\/blog\/wp-content\/uploads\/2021\/10\/Logo__4_-removebg-preview.png 563w, https:\/\/www.toodays.me\/blog\/wp-content\/uploads\/2021\/10\/Logo__4_-removebg-preview-300x236.png 300w, https:\/\/www.toodays.me\/blog\/wp-content\/uploads\/2021\/10\/Logo__4_-removebg-preview-450x354.png 450w\" sizes=\"auto, (max-width: 563px) 100vw, 563px\" \/><\/figure><div class=\"wp-block-media-text__content\">\n<p class=\"has-medium-font-size\">\u00c8ve &#8211; <a href=\"https:\/\/www.instagram.com\/79hope_\/\" target=\"_blank\" rel=\"noreferrer noopener\">@79hope<\/a><\/p>\n<\/div><\/div>\n\n\n\n<p class=\"is-style-two-columns\"><\/p>\n\n\n\n<p class=\"is-style-default\"> <\/p>\n","protected":false},"excerpt":{"rendered":"<p>Le jour de son quarante-cinqui\u00e8me anniversaire, alors qu&#8217;il enregistre les photos de leur d\u00eener en famille, Arnaud re\u00e7oit [&hellip;]<\/p>\n","protected":false},"author":2,"featured_media":1655,"comment_status":"closed","ping_status":"open","sticky":false,"template":"","format":"standard","meta":{"content-type":"","cybocfi_hide_featured_image":"yes","footnotes":""},"categories":[71],"tags":[],"class_list":["post-1634","post","type-post","status-publish","format-standard","has-post-thumbnail","hentry","category-nouvelles"],"yoast_head":"<!-- This site is optimized with the Yoast SEO plugin v21.2 - https:\/\/yoast.com\/wordpress\/plugins\/seo\/ -->\n<title>Nouvelle : Jaune ginkgo et v\u00e9lo rouge - Blog - toodays.me -<\/title>\n<meta name=\"description\" content=\"Imaginez-vous recevoir un \u00e9trange message qui r\u00e9veille tous vos souvenirs... D\u00e9couvrez la nouvelle : Jaune ginkgo et v\u00e9lo rouge\" \/>\n<meta name=\"robots\" content=\"index, follow, max-snippet:-1, max-image-preview:large, max-video-preview:-1\" \/>\n<link rel=\"canonical\" href=\"https:\/\/www.toodays.me\/blog\/2021\/11\/25\/nouvelle-jaune-ginkgo-et-velo-rouge\/\" \/>\n<meta property=\"og:locale\" content=\"fr_FR\" \/>\n<meta property=\"og:type\" content=\"article\" \/>\n<meta property=\"og:title\" content=\"Nouvelle : Jaune ginkgo et v\u00e9lo rouge - Blog - toodays.me -\" \/>\n<meta property=\"og:description\" content=\"Imaginez-vous recevoir un \u00e9trange message qui r\u00e9veille tous vos souvenirs... D\u00e9couvrez la nouvelle : Jaune ginkgo et v\u00e9lo rouge\" \/>\n<meta property=\"og:url\" content=\"https:\/\/www.toodays.me\/blog\/2021\/11\/25\/nouvelle-jaune-ginkgo-et-velo-rouge\/\" \/>\n<meta property=\"og:site_name\" content=\"Blog - toodays.me\" \/>\n<meta property=\"article:published_time\" content=\"2021-11-25T11:01:21+00:00\" \/>\n<meta property=\"article:modified_time\" content=\"2023-05-08T06:33:02+00:00\" \/>\n<meta property=\"og:image\" content=\"https:\/\/www.toodays.me\/blog\/wp-content\/uploads\/2021\/11\/pexels-sergei-a-2539400-scaled.jpg\" \/>\n\t<meta property=\"og:image:width\" content=\"2560\" \/>\n\t<meta property=\"og:image:height\" content=\"1707\" \/>\n\t<meta property=\"og:image:type\" content=\"image\/jpeg\" \/>\n<meta name=\"author\" content=\"Philippe &amp; Peggy\" \/>\n<meta name=\"twitter:card\" content=\"summary_large_image\" \/>\n<meta name=\"twitter:label1\" content=\"\u00c9crit par\" \/>\n\t<meta name=\"twitter:data1\" content=\"Philippe &amp; Peggy\" \/>\n\t<meta name=\"twitter:label2\" content=\"Dur\u00e9e de lecture estim\u00e9e\" \/>\n\t<meta name=\"twitter:data2\" content=\"14 minutes\" \/>\n<script type=\"application\/ld+json\" class=\"yoast-schema-graph\">{\"@context\":\"https:\/\/schema.org\",\"@graph\":[{\"@type\":\"Article\",\"@id\":\"https:\/\/www.toodays.me\/blog\/2021\/11\/25\/nouvelle-jaune-ginkgo-et-velo-rouge\/#article\",\"isPartOf\":{\"@id\":\"https:\/\/www.toodays.me\/blog\/2021\/11\/25\/nouvelle-jaune-ginkgo-et-velo-rouge\/\"},\"author\":{\"name\":\"Philippe &amp; Peggy\",\"@id\":\"https:\/\/www.toodays.me\/blog\/#\/schema\/person\/b6a8192644e79c86a4721e52c99fcde2\"},\"headline\":\"Nouvelle : Jaune ginkgo et v\u00e9lo rouge\",\"datePublished\":\"2021-11-25T11:01:21+00:00\",\"dateModified\":\"2023-05-08T06:33:02+00:00\",\"mainEntityOfPage\":{\"@id\":\"https:\/\/www.toodays.me\/blog\/2021\/11\/25\/nouvelle-jaune-ginkgo-et-velo-rouge\/\"},\"wordCount\":3232,\"publisher\":{\"@id\":\"https:\/\/www.toodays.me\/blog\/#organization\"},\"articleSection\":[\"Nouvelles\"],\"inLanguage\":\"fr-FR\"},{\"@type\":\"WebPage\",\"@id\":\"https:\/\/www.toodays.me\/blog\/2021\/11\/25\/nouvelle-jaune-ginkgo-et-velo-rouge\/\",\"url\":\"https:\/\/www.toodays.me\/blog\/2021\/11\/25\/nouvelle-jaune-ginkgo-et-velo-rouge\/\",\"name\":\"Nouvelle : Jaune ginkgo et v\u00e9lo rouge - Blog - toodays.me -\",\"isPartOf\":{\"@id\":\"https:\/\/www.toodays.me\/blog\/#website\"},\"datePublished\":\"2021-11-25T11:01:21+00:00\",\"dateModified\":\"2023-05-08T06:33:02+00:00\",\"description\":\"Imaginez-vous recevoir un \u00e9trange message qui r\u00e9veille tous vos souvenirs... D\u00e9couvrez la nouvelle : Jaune ginkgo et v\u00e9lo rouge\",\"breadcrumb\":{\"@id\":\"https:\/\/www.toodays.me\/blog\/2021\/11\/25\/nouvelle-jaune-ginkgo-et-velo-rouge\/#breadcrumb\"},\"inLanguage\":\"fr-FR\",\"potentialAction\":[{\"@type\":\"ReadAction\",\"target\":[\"https:\/\/www.toodays.me\/blog\/2021\/11\/25\/nouvelle-jaune-ginkgo-et-velo-rouge\/\"]}]},{\"@type\":\"BreadcrumbList\",\"@id\":\"https:\/\/www.toodays.me\/blog\/2021\/11\/25\/nouvelle-jaune-ginkgo-et-velo-rouge\/#breadcrumb\",\"itemListElement\":[{\"@type\":\"ListItem\",\"position\":1,\"name\":\"Accueil\",\"item\":\"https:\/\/www.toodays.me\/blog\/\"},{\"@type\":\"ListItem\",\"position\":2,\"name\":\"Nouvelle : Jaune ginkgo et v\u00e9lo rouge\"}]},{\"@type\":\"WebSite\",\"@id\":\"https:\/\/www.toodays.me\/blog\/#website\",\"url\":\"https:\/\/www.toodays.me\/blog\/\",\"name\":\"Blog - toodays.me\",\"description\":\"Blog de toodays.me\",\"publisher\":{\"@id\":\"https:\/\/www.toodays.me\/blog\/#organization\"},\"potentialAction\":[{\"@type\":\"SearchAction\",\"target\":{\"@type\":\"EntryPoint\",\"urlTemplate\":\"https:\/\/www.toodays.me\/blog\/?s={search_term_string}\"},\"query-input\":\"required name=search_term_string\"}],\"inLanguage\":\"fr-FR\"},{\"@type\":\"Organization\",\"@id\":\"https:\/\/www.toodays.me\/blog\/#organization\",\"name\":\"Blog - toodays.me\",\"url\":\"https:\/\/www.toodays.me\/blog\/\",\"logo\":{\"@type\":\"ImageObject\",\"inLanguage\":\"fr-FR\",\"@id\":\"https:\/\/www.toodays.me\/blog\/#\/schema\/logo\/image\/\",\"url\":\"https:\/\/www.toodays.me\/blog\/wp-content\/uploads\/2022\/01\/LOGO_TOODAYS_NOIR_150DPI_WEB.png\",\"contentUrl\":\"https:\/\/www.toodays.me\/blog\/wp-content\/uploads\/2022\/01\/LOGO_TOODAYS_NOIR_150DPI_WEB.png\",\"width\":768,\"height\":196,\"caption\":\"Blog - toodays.me\"},\"image\":{\"@id\":\"https:\/\/www.toodays.me\/blog\/#\/schema\/logo\/image\/\"}},{\"@type\":\"Person\",\"@id\":\"https:\/\/www.toodays.me\/blog\/#\/schema\/person\/b6a8192644e79c86a4721e52c99fcde2\",\"name\":\"Philippe &amp; Peggy\",\"image\":{\"@type\":\"ImageObject\",\"inLanguage\":\"fr-FR\",\"@id\":\"https:\/\/www.toodays.me\/blog\/#\/schema\/person\/image\/\",\"url\":\"https:\/\/secure.gravatar.com\/avatar\/e7c2e27a953d9e6f743eab7cd082cc04e70c3d573c54e9b14e2026e0f3b851e5?s=96&d=mm&r=g\",\"contentUrl\":\"https:\/\/secure.gravatar.com\/avatar\/e7c2e27a953d9e6f743eab7cd082cc04e70c3d573c54e9b14e2026e0f3b851e5?s=96&d=mm&r=g\",\"caption\":\"Philippe &amp; Peggy\"},\"description\":\"Qui sommes-nous? Nous sommes Philippe et Peggy Vioux, un couple d\u2019entrepreneurs angevins \u00e0 la t\u00eate d\u2019une famille recompos\u00e9e avec 4 ans enfants depuis bient\u00f4t 10 ans. \ud83d\udc68\u200d\ud83d\udc69\u200d\ud83d\udc66\u200d\ud83d\udc66 Cette configuration familiale, d\u00e9sormais tr\u00e8s courante, est un m\u00e9lange enrichissant de valeurs et d\u2019exp\u00e9riences venues de tous horizons qui nous a donn\u00e9 l\u2019envie de lancer cette formidable aventure humaine et familiale li\u00e9e aux souvenirs et \u00e0 leur pr\u00e9servation. \ud83d\ude80\ud83c\udfe1\",\"sameAs\":[\"http:\/\/www.toodays.me\"],\"url\":\"https:\/\/www.toodays.me\/blog\/author\/directiontheroomemories-fr\/\"}]}<\/script>\n<!-- \/ Yoast SEO plugin. -->","yoast_head_json":{"title":"Nouvelle : Jaune ginkgo et v\u00e9lo rouge - Blog - toodays.me -","description":"Imaginez-vous recevoir un \u00e9trange message qui r\u00e9veille tous vos souvenirs... D\u00e9couvrez la nouvelle : Jaune ginkgo et v\u00e9lo rouge","robots":{"index":"index","follow":"follow","max-snippet":"max-snippet:-1","max-image-preview":"max-image-preview:large","max-video-preview":"max-video-preview:-1"},"canonical":"https:\/\/www.toodays.me\/blog\/2021\/11\/25\/nouvelle-jaune-ginkgo-et-velo-rouge\/","og_locale":"fr_FR","og_type":"article","og_title":"Nouvelle : Jaune ginkgo et v\u00e9lo rouge - Blog - toodays.me -","og_description":"Imaginez-vous recevoir un \u00e9trange message qui r\u00e9veille tous vos souvenirs... D\u00e9couvrez la nouvelle : Jaune ginkgo et v\u00e9lo rouge","og_url":"https:\/\/www.toodays.me\/blog\/2021\/11\/25\/nouvelle-jaune-ginkgo-et-velo-rouge\/","og_site_name":"Blog - toodays.me","article_published_time":"2021-11-25T11:01:21+00:00","article_modified_time":"2023-05-08T06:33:02+00:00","og_image":[{"width":2560,"height":1707,"url":"https:\/\/www.toodays.me\/blog\/wp-content\/uploads\/2021\/11\/pexels-sergei-a-2539400-scaled.jpg","type":"image\/jpeg"}],"author":"Philippe &amp; Peggy","twitter_card":"summary_large_image","twitter_misc":{"\u00c9crit par":"Philippe &amp; Peggy","Dur\u00e9e de lecture estim\u00e9e":"14 minutes"},"schema":{"@context":"https:\/\/schema.org","@graph":[{"@type":"Article","@id":"https:\/\/www.toodays.me\/blog\/2021\/11\/25\/nouvelle-jaune-ginkgo-et-velo-rouge\/#article","isPartOf":{"@id":"https:\/\/www.toodays.me\/blog\/2021\/11\/25\/nouvelle-jaune-ginkgo-et-velo-rouge\/"},"author":{"name":"Philippe &amp; Peggy","@id":"https:\/\/www.toodays.me\/blog\/#\/schema\/person\/b6a8192644e79c86a4721e52c99fcde2"},"headline":"Nouvelle : Jaune ginkgo et v\u00e9lo rouge","datePublished":"2021-11-25T11:01:21+00:00","dateModified":"2023-05-08T06:33:02+00:00","mainEntityOfPage":{"@id":"https:\/\/www.toodays.me\/blog\/2021\/11\/25\/nouvelle-jaune-ginkgo-et-velo-rouge\/"},"wordCount":3232,"publisher":{"@id":"https:\/\/www.toodays.me\/blog\/#organization"},"articleSection":["Nouvelles"],"inLanguage":"fr-FR"},{"@type":"WebPage","@id":"https:\/\/www.toodays.me\/blog\/2021\/11\/25\/nouvelle-jaune-ginkgo-et-velo-rouge\/","url":"https:\/\/www.toodays.me\/blog\/2021\/11\/25\/nouvelle-jaune-ginkgo-et-velo-rouge\/","name":"Nouvelle : Jaune ginkgo et v\u00e9lo rouge - Blog - toodays.me -","isPartOf":{"@id":"https:\/\/www.toodays.me\/blog\/#website"},"datePublished":"2021-11-25T11:01:21+00:00","dateModified":"2023-05-08T06:33:02+00:00","description":"Imaginez-vous recevoir un \u00e9trange message qui r\u00e9veille tous vos souvenirs... D\u00e9couvrez la nouvelle : Jaune ginkgo et v\u00e9lo rouge","breadcrumb":{"@id":"https:\/\/www.toodays.me\/blog\/2021\/11\/25\/nouvelle-jaune-ginkgo-et-velo-rouge\/#breadcrumb"},"inLanguage":"fr-FR","potentialAction":[{"@type":"ReadAction","target":["https:\/\/www.toodays.me\/blog\/2021\/11\/25\/nouvelle-jaune-ginkgo-et-velo-rouge\/"]}]},{"@type":"BreadcrumbList","@id":"https:\/\/www.toodays.me\/blog\/2021\/11\/25\/nouvelle-jaune-ginkgo-et-velo-rouge\/#breadcrumb","itemListElement":[{"@type":"ListItem","position":1,"name":"Accueil","item":"https:\/\/www.toodays.me\/blog\/"},{"@type":"ListItem","position":2,"name":"Nouvelle : Jaune ginkgo et v\u00e9lo rouge"}]},{"@type":"WebSite","@id":"https:\/\/www.toodays.me\/blog\/#website","url":"https:\/\/www.toodays.me\/blog\/","name":"Blog - toodays.me","description":"Blog de toodays.me","publisher":{"@id":"https:\/\/www.toodays.me\/blog\/#organization"},"potentialAction":[{"@type":"SearchAction","target":{"@type":"EntryPoint","urlTemplate":"https:\/\/www.toodays.me\/blog\/?s={search_term_string}"},"query-input":"required name=search_term_string"}],"inLanguage":"fr-FR"},{"@type":"Organization","@id":"https:\/\/www.toodays.me\/blog\/#organization","name":"Blog - toodays.me","url":"https:\/\/www.toodays.me\/blog\/","logo":{"@type":"ImageObject","inLanguage":"fr-FR","@id":"https:\/\/www.toodays.me\/blog\/#\/schema\/logo\/image\/","url":"https:\/\/www.toodays.me\/blog\/wp-content\/uploads\/2022\/01\/LOGO_TOODAYS_NOIR_150DPI_WEB.png","contentUrl":"https:\/\/www.toodays.me\/blog\/wp-content\/uploads\/2022\/01\/LOGO_TOODAYS_NOIR_150DPI_WEB.png","width":768,"height":196,"caption":"Blog - toodays.me"},"image":{"@id":"https:\/\/www.toodays.me\/blog\/#\/schema\/logo\/image\/"}},{"@type":"Person","@id":"https:\/\/www.toodays.me\/blog\/#\/schema\/person\/b6a8192644e79c86a4721e52c99fcde2","name":"Philippe &amp; Peggy","image":{"@type":"ImageObject","inLanguage":"fr-FR","@id":"https:\/\/www.toodays.me\/blog\/#\/schema\/person\/image\/","url":"https:\/\/secure.gravatar.com\/avatar\/e7c2e27a953d9e6f743eab7cd082cc04e70c3d573c54e9b14e2026e0f3b851e5?s=96&d=mm&r=g","contentUrl":"https:\/\/secure.gravatar.com\/avatar\/e7c2e27a953d9e6f743eab7cd082cc04e70c3d573c54e9b14e2026e0f3b851e5?s=96&d=mm&r=g","caption":"Philippe &amp; Peggy"},"description":"Qui sommes-nous? Nous sommes Philippe et Peggy Vioux, un couple d\u2019entrepreneurs angevins \u00e0 la t\u00eate d\u2019une famille recompos\u00e9e avec 4 ans enfants depuis bient\u00f4t 10 ans. \ud83d\udc68\u200d\ud83d\udc69\u200d\ud83d\udc66\u200d\ud83d\udc66 Cette configuration familiale, d\u00e9sormais tr\u00e8s courante, est un m\u00e9lange enrichissant de valeurs et d\u2019exp\u00e9riences venues de tous horizons qui nous a donn\u00e9 l\u2019envie de lancer cette formidable aventure humaine et familiale li\u00e9e aux souvenirs et \u00e0 leur pr\u00e9servation. \ud83d\ude80\ud83c\udfe1","sameAs":["http:\/\/www.toodays.me"],"url":"https:\/\/www.toodays.me\/blog\/author\/directiontheroomemories-fr\/"}]}},"jetpack_featured_media_url":"https:\/\/www.toodays.me\/blog\/wp-content\/uploads\/2021\/11\/pexels-sergei-a-2539400-scaled.jpg","_links":{"self":[{"href":"https:\/\/www.toodays.me\/blog\/wp-json\/wp\/v2\/posts\/1634","targetHints":{"allow":["GET"]}}],"collection":[{"href":"https:\/\/www.toodays.me\/blog\/wp-json\/wp\/v2\/posts"}],"about":[{"href":"https:\/\/www.toodays.me\/blog\/wp-json\/wp\/v2\/types\/post"}],"author":[{"embeddable":true,"href":"https:\/\/www.toodays.me\/blog\/wp-json\/wp\/v2\/users\/2"}],"replies":[{"embeddable":true,"href":"https:\/\/www.toodays.me\/blog\/wp-json\/wp\/v2\/comments?post=1634"}],"version-history":[{"count":22,"href":"https:\/\/www.toodays.me\/blog\/wp-json\/wp\/v2\/posts\/1634\/revisions"}],"predecessor-version":[{"id":1669,"href":"https:\/\/www.toodays.me\/blog\/wp-json\/wp\/v2\/posts\/1634\/revisions\/1669"}],"wp:featuredmedia":[{"embeddable":true,"href":"https:\/\/www.toodays.me\/blog\/wp-json\/wp\/v2\/media\/1655"}],"wp:attachment":[{"href":"https:\/\/www.toodays.me\/blog\/wp-json\/wp\/v2\/media?parent=1634"}],"wp:term":[{"taxonomy":"category","embeddable":true,"href":"https:\/\/www.toodays.me\/blog\/wp-json\/wp\/v2\/categories?post=1634"},{"taxonomy":"post_tag","embeddable":true,"href":"https:\/\/www.toodays.me\/blog\/wp-json\/wp\/v2\/tags?post=1634"}],"curies":[{"name":"wp","href":"https:\/\/api.w.org\/{rel}","templated":true}]}}